{"id":3650,"date":"2020-04-14T10:31:00","date_gmt":"2020-04-14T10:31:00","guid":{"rendered":"https:\/\/www.ssyub.org.tr\/?p=3650"},"modified":"2023-01-07T10:37:21","modified_gmt":"2023-01-07T10:37:21","slug":"turk-somonu-sofralarda","status":"publish","type":"post","link":"https:\/\/www.ssyub.org.tr\/en\/turk-somonu-sofralarda.html","title":{"rendered":"<a href=\"https:\/\/hilasotel.com\/\">T\u00dcRK SOMONU SOFRALARDA<\/a>"},"content":{"rendered":"\n<figure class=\"wp-block-embed is-type-wp-embed is-provider-samsun-ses-haber wp-block-embed-samsun-ses-haber\"><div class=\"wp-block-embed__wrapper\">\n<blockquote class=\"wp-embedded-content\" data-secret=\"ftHjnIlj5F\"><a href=\"https:\/\/www.samsunseshaber.com\/turk-somonu-sofralarda\/\">T\u00dcRK SOMONU SOFRALARDA<\/a><\/blockquote><iframe loading=\"lazy\" class=\"wp-embedded-content\" sandbox=\"allow-scripts\" security=\"restricted\" style=\"position: absolute; clip: rect(1px, 1px, 1px, 1px);\" title=\"&#8220;T\u00dcRK SOMONU SOFRALARDA&#8221; &#8212; Samsun Ses haber\" src=\"https:\/\/www.samsunseshaber.com\/turk-somonu-sofralarda\/embed\/#?secret=NrZjPUSgmk#?secret=ftHjnIlj5F\" data-secret=\"ftHjnIlj5F\" width=\"600\" height=\"338\" frameborder=\"0\" marginwidth=\"0\" marginheight=\"0\" scrolling=\"no\"><\/iframe>\n<\/div><\/figure>\n\n\n\n<p>Tar\u0131m ve Orman Bakan\u0131 Bekir Pakdemirli\u2019nin talimat\u0131yla ger\u00e7ekle\u015fecek olan T\u00fcrk Somonu kampanyas\u0131, \u00f6zellikle Covid-19 ile m\u00fccadele d\u00f6neminde T\u00fcrkiye\u2019de bal\u0131k t\u00fcketiminin art\u0131r\u0131lmas\u0131n\u0131 hedefliyor.<\/p>\n\n\n\n<p>D\u00fcnya genelinde \u00f6zellikle Avrupa Birli\u011fi \u00fclkeleri, Japonya ve Rusya\u2019n\u0131n aralar\u0131nda bulundu\u011fu bir\u00e7ok farkl\u0131 \u00fclkeye ihra\u00e7 edilen ve kalitesi ile Norve\u00e7 somonunu geride b\u0131rakt\u0131\u011f\u0131 belirtilen T\u00fcrk Somonu, 15-16-17 Nisan tarihlerinde ba\u015flayacak olan T\u00fcrk Somonu kampanyas\u0131 ile T\u00fcrkiye i\u00e7 pazar\u0131na sunularak T\u00fcrk sofralar\u0131yla bulu\u015facak. T\u00fcm a\u015famalar\u0131 bakanl\u0131k kontrol\u00fcnde \u00fcretilen ve kalitesi k\u00fcresel otoriteler taraf\u0131ndan defalarca onaylanm\u0131\u015f olan T\u00fcrk Somon bal\u0131\u011f\u0131n\u0131n sofralarda daha fazla yer bulmas\u0131 ama\u00e7lan\u0131yor.<\/p>\n\n\n\n<p>BAKAN PAKDEM\u0130RL\u0130 D\u00dc\u011eMEYE BASTI<\/p>\n\n\n\n<p><\/p>\n\n\n\n<p>Daha \u00f6nce Bakan Pakdemirli, Su \u00dcr\u00fcnleri Genel M\u00fcd\u00fcrl\u00fc\u011f\u00fc ve Su \u00dcr\u00fcnleri Yeti\u015ftiricileri \u00dcretici Merkez Birli\u011fi ile birlikte di\u011fer payda\u015flar\u0131n da aralar\u0131nda bulundu\u011fu \u00c7ipura ve Levrek kampanyas\u0131n\u0131n ard\u0131ndan yeni bir kampanya ba\u015fl\u0131yor. \u2018Evde sa\u011fl\u0131k sofrada bal\u0131k\u2019 ba\u015fl\u0131\u011f\u0131 ile duyurulan kampanyan\u0131n, ba\u015fta AB \u00fclkeleri olmak \u00fczere Japonya, Rusya ve bir\u00e7ok farkl\u0131 \u00fclkeye ihra\u00e7 edilen T\u00fcrk Somonu olaca\u011f\u0131 duyuruldu. T\u00fcrk Somonu kampanyas\u0131n\u0131n \u00fclke genelinde b\u00fcy\u00fck ilgi g\u00f6rmesi bekleniyor.<\/p>\n\n\n\n<p><strong>SATI\u015e F\u0130YATI MAL\u0130YET\u0130N\u0130 GE\u00c7MEYECEK<\/strong><\/p>\n\n\n\n<p>Tar\u0131m ve Orman Bakanl\u0131\u011f\u0131 ve Su \u00dcr\u00fcnleri Genel M\u00fcd\u00fcrl\u00fc\u011f\u00fc\u2019n\u00fcn \u00f6nderlik etti\u011fi kampanyan\u0131n duyurular\u0131 \u00e7e\u015fitli medya kaynaklar\u0131ndan yay\u0131nlanmaya ba\u015fland\u0131. Buna g\u00f6re 15-16-17 Nisan tarihlerinde \u00fclke genelinde kampanyaya kat\u0131lan b\u00fcy\u00fck marketler ile t\u00fcketicinin sofras\u0131nda yer bulacak olan T\u00fcrk Somonu, i\u00e7i al\u0131nm\u0131\u015f ve dilimlenmi\u015f olarak maliyeti olan en y\u00fcksek 39.90 \u20ba\u2019ye sat\u0131laca\u011f\u0131 belirtiliyor. T\u00fcketiciler bir kilogram T\u00fcrk Somon bal\u0131\u011f\u0131n\u0131, i\u00e7i al\u0131nm\u0131\u015f ve dilimlenmi\u015f olarak 39.90 \u20ba\u2019ye sat\u0131n alabilecekler.<\/p>\n\n\n\n<p>BA\u015eKAN PARLAK: \u2018NORVE\u00c7 SOMONUNDAN \u00c7OK DAHA KAL\u0130TEL\u0130Y\u0130Z\u2019<\/p>\n\n\n\n<p>15-16-17 Nisan tarihleri aras\u0131nda ger\u00e7ekle\u015fecek olan T\u00fcrk Somonu kampanyas\u0131n\u0131n en \u00f6nemli payda\u015f\u0131 olan Su \u00dcr\u00fcnleri Yeti\u015ftiricileri \u00dcretici Merkez Birli\u011fi y\u00f6netim kurulu ba\u015fkan yard\u0131mc\u0131s\u0131 ve Samsun ve Sinop \u0130lleri Su \u00dcr\u00fcnleri Yeti\u015ftiricileri \u00dcretici Birli\u011fi ba\u015fkan\u0131 olan Osman Parlak kampanyan\u0131n \u00fclke genelinde b\u00fcy\u00fck ilgi g\u00f6rmesini beklediklerini belirterek konu hakk\u0131nda \u015funlar\u0131 s\u00f6yledi: \u2018Biz ba\u015fta Tar\u0131m ve Orman Bakanl\u0131\u011f\u0131\u2019m\u0131z, Su \u00dcr\u00fcnleri Genel M\u00fcd\u00fcrl\u00fc\u011f\u00fc\u2019m\u00fcz\u00fcn deste\u011fi ile Merkez Birli\u011fi olarak d\u00fcnya \u00fczerindeki en kaliteli Somon bal\u0131\u011f\u0131n\u0131 yeti\u015ftiriyoruz. Tamam\u0131n\u0131 Karadeniz b\u00f6lgesinde yeti\u015ftirdi\u011fimiz T\u00fcrk Somonu\u2019nun kalitesi t\u00fcm d\u00fcnya taraf\u0131ndan kabul edilmi\u015f durumdad\u0131r. Ba\u015fta Avrupa ve Japonya olmak \u00fczere bir\u00e7ok farkl\u0131 \u00fclkeye ihra\u00e7 etti\u011fimiz T\u00fcrk Somonu b\u00fcy\u00fck emekler ve sekt\u00f6r payda\u015flar\u0131n\u0131n kararl\u0131 \u00e7al\u0131\u015fmalar\u0131yla adeta zirveye oturmu\u015f durumda. Farkl\u0131 \u00fcniversiteler taraf\u0131ndan yap\u0131lan detayl\u0131 incelemelerde Norve\u00e7 Somonu kar\u015f\u0131s\u0131nda kat ve kat daha fazla Omega ya\u011f asiti i\u00e7erdi\u011fini ve di\u011fer belli ba\u015fl\u0131klarda da \u00e7ok daha ilerde ve lezzetli oldu\u011funu gururla s\u00f6yleyebilirim.\u2019 dedi.<\/p>\n\n\n\n<p><strong>10 B\u0130N TON T\u00dcRK SOMONU HAZIR<\/strong><\/p>\n\n\n\n<p>15-16-17 Nisan tarihlerinde ulusal \u00f6l\u00e7ekte market ve ma\u011fazalar arac\u0131l\u0131\u011f\u0131 ile dilimlenmi\u015f ve i\u00e7i al\u0131nm\u0131\u015f \u015fekilde 39.90 \u20ba\u2019ye t\u00fcketiciye sunulacak olan T\u00fcrk Somonu hakk\u0131nda a\u00e7\u0131klamalar\u0131na devam eden Ba\u015fkan Parlak, \u201815-16-17 tarihleri aras\u0131nda ger\u00e7ekle\u015ftirecek oldu\u011fumuz bu kampanya \u00fclkemiz ve \u00fclke insan\u0131m\u0131z\u0131n bal\u0131k t\u00fcketmesi anlam\u0131nda \u00e7ok \u00f6nemli bir kampanyad\u0131r. Daha \u00f6nce de belirtti\u011fim \u00fczere Avrupa Birli\u011fi \u00fclkeleri ba\u015fta olmak \u00fczere Japonya ve Rusya gibi b\u00fcy\u00fck \u00fclkelere ihrac\u0131m\u0131z olan T\u00fcrk Somonu, bu kampanya d\u0131\u015f\u0131nda yine ihracat\u0131na elbette devam ediyor. Bu kampanya ile mevcutta bulunan 20 bin ton T\u00fcrk Somonu\u2019nun 10 Bin ton kadar\u0131n\u0131 T\u00fcrk sofras\u0131yla bulu\u015fturmay\u0131 hedefliyoruz. Biz Samsun ve Sinop illeri olarak, bu kampanyaya 5 Bin Ton ile destek verece\u011fiz. T\u00fcrk Somonu\u2019nu T\u00fcrk sofras\u0131yla bulu\u015fmas\u0131na \u00f6nderlik eden ve yo\u011fun bir emek sarf eden Tar\u0131m bakan\u0131m\u0131z ve Su \u00dcr\u00fcnleri Genel m\u00fcd\u00fcr\u00fcm\u00fcze sonsuz te\u015fekk\u00fcrlerimi sunuyorum.\u2019 dedi.<\/p>\n","protected":false},"excerpt":{"rendered":"<p>Tar\u0131m ve Orman Bakan\u0131 Bekir Pakdemirli\u2019nin talimat\u0131yla ger\u00e7ekle\u015fecek olan T\u00fcrk Somonu kampanyas\u0131, \u00f6zellikle Covid-19 ile m\u00fccadele d\u00f6neminde T\u00fcrkiye\u2019de bal\u0131k t\u00fcketiminin art\u0131r\u0131lmas\u0131n\u0131 hedefliyor. D\u00fcnya genelinde \u00f6zellikle Avrupa Birli\u011fi \u00fclkeleri, Japonya ve Rusya\u2019n\u0131n aralar\u0131nda bulundu\u011fu bir\u00e7ok farkl\u0131 \u00fclkeye ihra\u00e7 edilen ve kalitesi ile Norve\u00e7 somonunu geride b\u0131rakt\u0131\u011f\u0131 belirtilen T\u00fcrk Somonu, 15-16-17 Nisan tarihlerinde ba\u015flayacak olan T\u00fcrk Somonu&#8230;<\/p>\n","protected":false},"author":2,"featured_media":3651,"comment_status":"open","ping_status":"open","sticky":false,"template":"","format":"standard","meta":{"_eb_attr":"","ub_ctt_via":"","_kad_post_transparent":"","_kad_post_title":"","_kad_post_layout":"","_kad_post_sidebar_id":"","_kad_post_content_style":"","_kad_post_vertical_padding":"","_kad_post_feature":"","_kad_post_feature_position":"","_kad_post_header":false,"_kad_post_footer":false,"footnotes":""},"categories":[21],"tags":[36,37,27,25,71,43],"class_list":["post-3650","post","type-post","status-publish","format-standard","has-post-thumbnail","hentry","category-haberler","tag-samsun","tag-sinop","tag-ssyub","tag-su-urunleri-yetistiricileri-birligi","tag-turksomonu","tag-yetistiricilik"],"featured_image_src":"https:\/\/www.ssyub.org.tr\/wp-content\/uploads\/2023\/01\/14-nisan-2020.jpg","author_info":{"display_name":"SSYUB","author_link":"https:\/\/www.ssyub.org.tr\/en\/author\/ssyub-admin"},"jetpack_featured_media_url":"https:\/\/www.ssyub.org.tr\/wp-content\/uploads\/2023\/01\/14-nisan-2020.jpg","uagb_featured_image_src":{"full":["https:\/\/www.ssyub.org.tr\/wp-content\/uploads\/2023\/01\/14-nisan-2020.jpg",600,390,false],"thumbnail":["https:\/\/www.ssyub.org.tr\/wp-content\/uploads\/2023\/01\/14-nisan-2020-150x150.jpg",150,150,true],"medium":["https:\/\/www.ssyub.org.tr\/wp-content\/uploads\/2023\/01\/14-nisan-2020-300x195.jpg",300,195,true],"medium_large":["https:\/\/www.ssyub.org.tr\/wp-content\/uploads\/2023\/01\/14-nisan-2020.jpg",600,390,false],"large":["https:\/\/www.ssyub.org.tr\/wp-content\/uploads\/2023\/01\/14-nisan-2020.jpg",600,390,false],"1536x1536":["https:\/\/www.ssyub.org.tr\/wp-content\/uploads\/2023\/01\/14-nisan-2020.jpg",600,390,false],"2048x2048":["https:\/\/www.ssyub.org.tr\/wp-content\/uploads\/2023\/01\/14-nisan-2020.jpg",600,390,false]},"uagb_author_info":{"display_name":"SSYUB","author_link":"https:\/\/www.ssyub.org.tr\/en\/author\/ssyub-admin"},"uagb_comment_info":0,"uagb_excerpt":"Tar\u0131m ve Orman Bakan\u0131 Bekir Pakdemirli\u2019nin talimat\u0131yla ger\u00e7ekle\u015fecek olan T\u00fcrk Somonu kampanyas\u0131, \u00f6zellikle Covid-19 ile m\u00fccadele d\u00f6neminde T\u00fcrkiye\u2019de bal\u0131k t\u00fcketiminin art\u0131r\u0131lmas\u0131n\u0131 hedefliyor. D\u00fcnya genelinde \u00f6zellikle Avrupa Birli\u011fi \u00fclkeleri, Japonya ve Rusya\u2019n\u0131n aralar\u0131nda bulundu\u011fu bir\u00e7ok farkl\u0131 \u00fclkeye ihra\u00e7 edilen ve kalitesi ile Norve\u00e7 somonunu geride b\u0131rakt\u0131\u011f\u0131 belirtilen T\u00fcrk Somonu, 15-16-17 Nisan tarihlerinde ba\u015flayacak olan T\u00fcrk Somonu...","jetpack_sharing_enabled":true,"_links":{"self":[{"href":"https:\/\/www.ssyub.org.tr\/en\/wp-json\/wp\/v2\/posts\/3650","targetHints":{"allow":["GET"]}}],"collection":[{"href":"https:\/\/www.ssyub.org.tr\/en\/wp-json\/wp\/v2\/posts"}],"about":[{"href":"https:\/\/www.ssyub.org.tr\/en\/wp-json\/wp\/v2\/types\/post"}],"author":[{"embeddable":true,"href":"https:\/\/www.ssyub.org.tr\/en\/wp-json\/wp\/v2\/users\/2"}],"replies":[{"embeddable":true,"href":"https:\/\/www.ssyub.org.tr\/en\/wp-json\/wp\/v2\/comments?post=3650"}],"version-history":[{"count":1,"href":"https:\/\/www.ssyub.org.tr\/en\/wp-json\/wp\/v2\/posts\/3650\/revisions"}],"predecessor-version":[{"id":3652,"href":"https:\/\/www.ssyub.org.tr\/en\/wp-json\/wp\/v2\/posts\/3650\/revisions\/3652"}],"wp:featuredmedia":[{"embeddable":true,"href":"https:\/\/www.ssyub.org.tr\/en\/wp-json\/wp\/v2\/media\/3651"}],"wp:attachment":[{"href":"https:\/\/www.ssyub.org.tr\/en\/wp-json\/wp\/v2\/media?parent=3650"}],"wp:term":[{"taxonomy":"category","embeddable":true,"href":"https:\/\/www.ssyub.org.tr\/en\/wp-json\/wp\/v2\/categories?post=3650"},{"taxonomy":"post_tag","embeddable":true,"href":"https:\/\/www.ssyub.org.tr\/en\/wp-json\/wp\/v2\/tags?post=3650"}],"curies":[{"name":"wp","href":"https:\/\/api.w.org\/{rel}","templated":true}]}}